{"id":4435,"date":"2025-12-18T11:09:10","date_gmt":"2025-12-18T10:09:10","guid":{"rendered":"https:\/\/www.cvdieppe.fr\/?p=4435"},"modified":"2025-12-18T11:18:17","modified_gmt":"2025-12-18T10:18:17","slug":"assemblee-generale-8-fevrier-2026","status":"publish","type":"post","link":"https:\/\/www.cvdieppe.fr\/?p=4435","title":{"rendered":"Assembl\u00e9e G\u00e9n\u00e9rale 8 f\u00e9vrier 2026"},"content":{"rendered":"\t\t<div data-elementor-type=\"wp-post\" data-elementor-id=\"4435\" class=\"elementor elementor-4435\">\n\t\t\t\t\t\t<section class=\"elementor-section elementor-top-section elementor-element elementor-element-4ee61fd elementor-section-boxed elementor-section-height-default elementor-section-height-default\" data-id=\"4ee61fd\" data-element_type=\"section\">\n\t\t\t\t\t\t<div class=\"elementor-container elementor-column-gap-default\">\n\t\t\t\t\t<div class=\"elementor-column elementor-col-100 elementor-top-column elementor-element elementor-element-accac56\" data-id=\"accac56\" data-element_type=\"column\">\n\t\t\t<div class=\"elementor-widget-wrap elementor-element-populated\">\n\t\t\t\t\t\t<div class=\"elementor-element elementor-element-bc0c4ed elementor-widget elementor-widget-text-editor\" data-id=\"bc0c4ed\" data-element_type=\"widget\" data-widget_type=\"text-editor.default\">\n\t\t\t\t<div class=\"elementor-widget-container\">\n\t\t\t\t\t\t\t\t\t<p style=\"margin-bottom: 0px; border: 0px solid #000000; font-size: 16px; font-family: arial, helvetica, sans-serif; color: #3b3f44;\"><span dir=\"auto\" style=\"border: 0px solid #000000; vertical-align: inherit;\">J&rsquo;ai l&rsquo;honneur de vous convoquer en Assembl\u00e9e G\u00e9n\u00e9rale ordinaire le dimanche 8 f\u00e9vrier 2026 \u00e0 10h au Cercle de la Voile de Dieppe, salle Jehan Ango (au premier \u00e9tage du b\u00e2timent du CVD).<\/span><\/p><p style=\"margin-bottom: 0px; border: 0px solid #000000; font-size: 16px; font-family: arial, helvetica, sans-serif; color: #3b3f44;\"><\/p><p style=\"margin-bottom: 0px; border: 0px solid #000000; font-size: 16px; font-family: arial, helvetica, sans-serif; color: #3b3f44;\"><span dir=\"auto\" style=\"border: 0px solid #000000; vertical-align: inherit;\">L&rsquo;ordre du jour de cette Assembl\u00e9e G\u00e9n\u00e9rale Ordinaire comporte :<\/span><\/p><ol style=\"margin-right: 0px; margin-bottom: 0px; margin-left: 0px; border: 0px solid #000000; color: #3b3f44; font-family: arial, helvetica, sans-serif; font-size: 16px;\"><li style=\"border: 0px solid #000000;\"><a href=\"https:\/\/www.cvdieppe.fr\/wp-content\/uploads\/pv-ag-2025.pdf\"><span dir=\"auto\" style=\"border: 0px solid #000000; vertical-align: inherit;\">L&rsquo;approbation du proc\u00e8s-verbal de l&rsquo;Assembl\u00e9e du 9 f\u00e9vrier 2025<\/span><\/a><\/li><li style=\"border: 0px solid #000000;\"><span dir=\"auto\" style=\"border: 0px solid #000000; vertical-align: inherit;\">Le rapport moral de la Pr\u00e9sidente<\/span><\/li><li style=\"border: 0px solid #000000;\"><span dir=\"auto\" style=\"border: 0px solid #000000; vertical-align: inherit;\">Le rapport d&rsquo;activit\u00e9 du Secr\u00e9taire<\/span><\/li><li style=\"border: 0px solid #000000;\"><span dir=\"auto\" style=\"border: 0px solid #000000; vertical-align: inherit;\">Le rapport financier du Tr\u00e9sorier<\/span><\/li><li style=\"border: 0px solid #000000;\"><span dir=\"auto\" style=\"border: 0px solid #000000; vertical-align: inherit;\">Les rapports des sections<\/span><\/li><li style=\"border: 0px solid #000000;\"><span dir=\"auto\" style=\"border: 0px solid #000000; vertical-align: inherit;\">Le renouvellement du tiers sortant des membres du Comit\u00e9 Directeur. (Les candidatures doivent \u00eatre envoy\u00e9es au Comit\u00e9 Directeur par lettre ou par mail \u00e0 l&rsquo;adresse \u00a0\u00a0\u00a0<\/span><a href=\"mailto:comite@cvdieppe.fr\" style=\"color: #008bd0; text-decoration-line: underline; border: 0px solid #000000; user-select: auto;\"><span dir=\"auto\" style=\"border: 0px solid #000000; vertical-align: inherit;\">comite@cvdieppe.fr<\/span><\/a><span dir=\"auto\" style=\"border: 0px solid #000000; vertical-align: inherit;\">\u00a0pour le 24 janvier au plus tard)<\/span><\/li><\/ol><div><span style=\"color: #3b3f44; font-family: arial, helvetica, sans-serif;\"><span style=\"font-size: 16px;\">\u00a0<\/span><\/span><\/div><p style=\"margin-bottom: 0px; border: 0px solid #000000; font-size: 16px; font-family: arial, helvetica, sans-serif; color: #3b3f44;\"><\/p><p style=\"margin-bottom: 0px; border: 0px solid #000000; font-size: 16px; font-family: arial, helvetica, sans-serif; color: #3b3f44;\"><span dir=\"auto\" style=\"border: 0px solid #000000; vertical-align: inherit;\">Dans le cas o\u00f9 vous ne pourriez pas assister \u00e0 l&rsquo;Assembl\u00e9e, une formule de pouvoir est disponible en bas de cette convocation.<\/span><\/p><p style=\"margin-bottom: 0px; border: 0px solid #000000; font-size: 16px; font-family: arial, helvetica, sans-serif; color: #3b3f44;\"><span dir=\"auto\" style=\"border: 0px solid #000000; vertical-align: inherit;\">\u00a0<\/span><\/p><p style=\"margin-bottom: 0px; border: 0px solid #000000; font-size: 16px; font-family: arial, helvetica, sans-serif; color: #3b3f44;\"><\/p><p style=\"margin-bottom: 0px; border: 0px solid #000000; font-size: 16px; font-family: arial, helvetica, sans-serif; color: #3b3f44;\">Dans l&rsquo;espoir de vous retrouver lors de cette Assembl\u00e9e, veuillez agr\u00e9er, Madame, Monsieur, nos salutations distingu\u00e9es.\u00a0<\/p><p style=\"margin-bottom: 0px; border: 0px solid #000000; font-size: 16px; font-family: arial, helvetica, sans-serif; color: #3b3f44;\"><\/p><p style=\"margin-bottom: 0px; border: 0px solid #000000; font-size: 16px; font-family: arial, helvetica, sans-serif; color: #3b3f44;\"><\/p><p style=\"margin-bottom: 0px; border: 0px solid #000000; font-size: 16px; font-family: arial, helvetica, sans-serif; color: #3b3f44;\"><span style=\"border: 0px solid #000000;\"><span dir=\"auto\" style=\"border: 0px solid #000000; vertical-align: inherit;\">\u00a0<\/span><\/span><\/p><p style=\"margin-bottom: 0px; border: 0px solid #000000; font-size: 16px; font-family: arial, helvetica, sans-serif; color: #3b3f44;\"><span style=\"border: 0px solid #000000;\"><span dir=\"auto\" style=\"border: 0px solid #000000; vertical-align: inherit;\">La pr\u00e9sidente<\/span><\/span><\/p><p style=\"margin-bottom: 0px; border: 0px solid #000000; font-size: 16px; font-family: arial, helvetica, sans-serif; color: #3b3f44;\"><span style=\"border: 0px solid #000000;\"><span dir=\"auto\" style=\"border: 0px solid #000000; vertical-align: inherit;\">Anne-Marie DOLIDIER<\/span><\/span><\/p><p style=\"margin-bottom: 0px; border: 0px solid #000000; font-size: 16px; font-family: arial, helvetica, sans-serif; color: #3b3f44;\"><span style=\"border: 0px solid #000000;\"><span dir=\"auto\" style=\"border: 0px solid #000000; vertical-align: inherit;\">\u00a0<\/span><\/span><\/p><p style=\"margin-bottom: 0px; border: 0px solid #000000; font-size: 16px; font-family: arial, helvetica, sans-serif; color: #3b3f44;\"><span style=\"border: 0px solid #000000;\"><span dir=\"auto\" style=\"border: 0px solid #000000; vertical-align: inherit;\">\u00a0<a href=\"https:\/\/www.cvdieppe.fr\/wp-content\/uploads\/pv-ag-2025.pdf\">PV AG 2025<\/a><\/span><\/span><\/p><p style=\"margin-bottom: 0px; border: 0px solid #000000; font-size: 16px; font-family: arial, helvetica, sans-serif; color: #3b3f44;\"><a href=\"https:\/\/www.cvdieppe.fr\/wp-content\/uploads\/Bon-pouvoir-AG-2026.pdf\"><span style=\"border: 0px solid #000000;\"><span dir=\"auto\" style=\"border: 0px solid #000000; vertical-align: inherit;\">\u00a0POUVOIR<\/span><\/span><\/a><\/p><p style=\"margin-bottom: 0px; border: 0px solid #000000; font-size: 16px; font-family: arial, helvetica, sans-serif; color: #3b3f44;\"><a href=\"https:\/\/www.cvdieppe.fr\/wp-content\/uploads\/Appel-cotisation-26.pdf\"><span style=\"border: 0px solid #000000;\"><span dir=\"auto\" style=\"border: 0px solid #000000; vertical-align: inherit;\">APPEL A COTISATION 2026<\/span><\/span><\/a><\/p><p style=\"margin-bottom: 0px; border: 0px solid #000000; font-size: 16px; font-family: arial, helvetica, sans-serif; color: #3b3f44;\"><span style=\"border: 0px solid #000000;\"><span dir=\"auto\" style=\"border: 0px solid #000000; vertical-align: inherit;\">\u00a0<\/span><\/span><\/p>\t\t\t\t\t\t\t\t<\/div>\n\t\t\t\t<\/div>\n\t\t\t\t\t<\/div>\n\t\t<\/div>\n\t\t\t\t\t<\/div>\n\t\t<\/section>\n\t\t\t\t<\/div>\n\t\t","protected":false},"excerpt":{"rendered":"<p>J&rsquo;ai l&rsquo;honneur de vous convoquer en Assembl\u00e9e G\u00e9n\u00e9rale ordinaire le dimanche 8 f\u00e9vrier 2026 \u00e0 10h au Cercle de la Voile de Dieppe, salle Jehan Ango (au premier \u00e9tage du b\u00e2timent du CVD). L&rsquo;ordre du jour de cette Assembl\u00e9e G\u00e9n\u00e9rale Ordinaire comporte : L&rsquo;approbation du proc\u00e8s-verbal de l&rsquo;Assembl\u00e9e du 9 [&hellip;]<\/p>\n","protected":false},"author":2,"featured_media":0,"comment_status":"closed","ping_status":"closed","sticky":false,"template":"","format":"standard","meta":{"_seopress_robots_primary_cat":"none","_seopress_titles_title":"","_seopress_titles_desc":"","_seopress_robots_index":"","_eb_attr":"","footnotes":""},"categories":[1],"tags":[],"jetpack_featured_media_url":"","_links":{"self":[{"href":"https:\/\/www.cvdieppe.fr\/index.php?rest_route=\/wp\/v2\/posts\/4435"}],"collection":[{"href":"https:\/\/www.cvdieppe.fr\/index.php?rest_route=\/wp\/v2\/posts"}],"about":[{"href":"https:\/\/www.cvdieppe.fr\/index.php?rest_route=\/wp\/v2\/types\/post"}],"author":[{"embeddable":true,"href":"https:\/\/www.cvdieppe.fr\/index.php?rest_route=\/wp\/v2\/users\/2"}],"replies":[{"embeddable":true,"href":"https:\/\/www.cvdieppe.fr\/index.php?rest_route=%2Fwp%2Fv2%2Fcomments&post=4435"}],"version-history":[{"count":4,"href":"https:\/\/www.cvdieppe.fr\/index.php?rest_route=\/wp\/v2\/posts\/4435\/revisions"}],"predecessor-version":[{"id":4444,"href":"https:\/\/www.cvdieppe.fr\/index.php?rest_route=\/wp\/v2\/posts\/4435\/revisions\/4444"}],"wp:attachment":[{"href":"https:\/\/www.cvdieppe.fr\/index.php?rest_route=%2Fwp%2Fv2%2Fmedia&parent=4435"}],"wp:term":[{"taxonomy":"category","embeddable":true,"href":"https:\/\/www.cvdieppe.fr\/index.php?rest_route=%2Fwp%2Fv2%2Fcategories&post=4435"},{"taxonomy":"post_tag","embeddable":true,"href":"https:\/\/www.cvdieppe.fr\/index.php?rest_route=%2Fwp%2Fv2%2Ftags&post=4435"}],"curies":[{"name":"wp","href":"https:\/\/api.w.org\/{rel}","templated":true}]}}