{"id":1969,"date":"2025-03-12T10:28:27","date_gmt":"2025-03-12T09:28:27","guid":{"rendered":"https:\/\/www.cvdieppe.fr\/?p=1969"},"modified":"2025-11-16T10:56:54","modified_gmt":"2025-11-16T09:56:54","slug":"ecole-de-sport-8-16-ans","status":"publish","type":"post","link":"https:\/\/www.cvdieppe.fr\/?p=1969","title":{"rendered":"Ecole de sport 7-16 ans en optimist et D\u00e9riveur RS Zest"},"content":{"rendered":"\t\t<div data-elementor-type=\"wp-post\" data-elementor-id=\"1969\" class=\"elementor elementor-1969\">\n\t\t\t\t\t\t<section class=\"elementor-section elementor-top-section elementor-element elementor-element-3c02d368 elementor-section-boxed elementor-section-height-default elementor-section-height-default\" data-id=\"3c02d368\" data-element_type=\"section\">\n\t\t\t\t\t\t<div class=\"elementor-container elementor-column-gap-default\">\n\t\t\t\t\t<div class=\"elementor-column elementor-col-100 elementor-top-column elementor-element elementor-element-5f52489\" data-id=\"5f52489\" data-element_type=\"column\">\n\t\t\t<div class=\"elementor-widget-wrap elementor-element-populated\">\n\t\t\t\t\t\t<div class=\"elementor-element elementor-element-511583ac elementor-widget elementor-widget-text-editor\" data-id=\"511583ac\" data-element_type=\"widget\" data-widget_type=\"text-editor.default\">\n\t\t\t\t<div class=\"elementor-widget-container\">\n\t\t\t\t\t\t\t\t\t<p><\/p>\n<p>Depuis Septembre 2025, un groupe d&rsquo;enfants et jeunes naviguent sur le bassin de Paris en Optimist et d\u00e9riveur double Zest,&nbsp; il reste des places de disponible en d\u00e9riveur Zest, n&rsquo;h\u00e9sitez pas \u00e0 venir essayer !!!<\/p>\n<p>Tous les Mercredis apr\u00e8s-midi de 13h30 \u00e0 16h30 hors vacances scolaires, des s\u00e9ances voile sur optimist et Zest sont organis\u00e9es pour apprendre la voile et avoir une premi\u00e8re approche de la r\u00e9gate. Les s\u00e9ances se d\u00e9roulent sur le bassin de Paris, plan d&rsquo;eau prot\u00e9g\u00e9 permettant une pratique en toute s\u00e9curit\u00e9.<\/p>\n<p><\/p>\n<p><\/p>\n<p>Il n&rsquo;est jamais trop tard, vous pouvez nous rejoindre d\u00e8s \u00e0 pr\u00e9sent pour un essai ou vous inscrire.<\/p>\n<p>contact@cvdieppe.fr<\/p>\n<p><\/p>\n<p><\/p>\n<figure class=\"wp-block-image aligncenter size-large is-resized\"><img fetchpriority=\"high\" decoding=\"async\" width=\"1024\" height=\"620\" src=\"https:\/\/www.cvdieppe.fr\/wp-content\/uploads\/eds-2-1024x620.jpg\" alt=\"\" class=\"wp-image-2219\" style=\"width: 613px; height: 371px;\" srcset=\"https:\/\/www.cvdieppe.fr\/wp-content\/uploads\/eds-2-1024x620.jpg 1024w, https:\/\/www.cvdieppe.fr\/wp-content\/uploads\/eds-2-300x182.jpg 300w, https:\/\/www.cvdieppe.fr\/wp-content\/uploads\/eds-2-768x465.jpg 768w, https:\/\/www.cvdieppe.fr\/wp-content\/uploads\/eds-2-1536x931.jpg 1536w, https:\/\/www.cvdieppe.fr\/wp-content\/uploads\/eds-2-2048x1241.jpg 2048w\" sizes=\"(max-width: 1024px) 100vw, 1024px\" \/><p><\/p>\n<figcaption class=\"wp-element-caption\">Les jeunes en entra\u00eenement<\/figcaption>\n<\/figure>\n<p><\/p>\n<p><\/p>\n<p><\/p>\t\t\t\t\t\t\t\t<\/div>\n\t\t\t\t<\/div>\n\t\t\t\t\t<\/div>\n\t\t<\/div>\n\t\t\t\t\t<\/div>\n\t\t<\/section>\n\t\t\t\t<\/div>\n\t\t","protected":false},"excerpt":{"rendered":"<p>Depuis Septembre 2025, un groupe d&rsquo;enfants et jeunes naviguent sur le bassin de Paris en Optimist et d\u00e9riveur double Zest,&nbsp; il reste des places de disponible en d\u00e9riveur Zest, n&rsquo;h\u00e9sitez pas \u00e0 venir essayer !!! Tous les Mercredis apr\u00e8s-midi de 13h30 \u00e0 16h30 hors vacances scolaires, des s\u00e9ances voile sur [&hellip;]<\/p>\n","protected":false},"author":2,"featured_media":2218,"comment_status":"closed","ping_status":"closed","sticky":false,"template":"","format":"standard","meta":{"_seopress_robots_primary_cat":"","_seopress_titles_title":"ecole de sport enfant ado 7-16 ans","_seopress_titles_desc":"","_seopress_robots_index":"","_eb_attr":"","footnotes":""},"categories":[1],"tags":[],"jetpack_featured_media_url":"https:\/\/www.cvdieppe.fr\/wp-content\/uploads\/eds-3.jpg","_links":{"self":[{"href":"https:\/\/www.cvdieppe.fr\/index.php?rest_route=\/wp\/v2\/posts\/1969"}],"collection":[{"href":"https:\/\/www.cvdieppe.fr\/index.php?rest_route=\/wp\/v2\/posts"}],"about":[{"href":"https:\/\/www.cvdieppe.fr\/index.php?rest_route=\/wp\/v2\/types\/post"}],"author":[{"embeddable":true,"href":"https:\/\/www.cvdieppe.fr\/index.php?rest_route=\/wp\/v2\/users\/2"}],"replies":[{"embeddable":true,"href":"https:\/\/www.cvdieppe.fr\/index.php?rest_route=%2Fwp%2Fv2%2Fcomments&post=1969"}],"version-history":[{"count":14,"href":"https:\/\/www.cvdieppe.fr\/index.php?rest_route=\/wp\/v2\/posts\/1969\/revisions"}],"predecessor-version":[{"id":4295,"href":"https:\/\/www.cvdieppe.fr\/index.php?rest_route=\/wp\/v2\/posts\/1969\/revisions\/4295"}],"wp:featuredmedia":[{"embeddable":true,"href":"https:\/\/www.cvdieppe.fr\/index.php?rest_route=\/wp\/v2\/media\/2218"}],"wp:attachment":[{"href":"https:\/\/www.cvdieppe.fr\/index.php?rest_route=%2Fwp%2Fv2%2Fmedia&parent=1969"}],"wp:term":[{"taxonomy":"category","embeddable":true,"href":"https:\/\/www.cvdieppe.fr\/index.php?rest_route=%2Fwp%2Fv2%2Fcategories&post=1969"},{"taxonomy":"post_tag","embeddable":true,"href":"https:\/\/www.cvdieppe.fr\/index.php?rest_route=%2Fwp%2Fv2%2Ftags&post=1969"}],"curies":[{"name":"wp","href":"https:\/\/api.w.org\/{rel}","templated":true}]}}